{"node_view":"\u003Carticle class=\u0022node-document\u0022\u003E\n  \n      \u003Cfigure style=\u0022width:218px;height:300px;\u0022\u003E\u003Cimg class=\u0022image grid_small\u0022 path=\u0022\/sites\/default\/files\/styles\/grid_small\/public\/images-documents\/LASZ1995_LEMI_LASZ_DOCI_02.jpg\u0022 src=\u0022http:\/\/dev.performance-art.fr\/\u0022 width=\u002273\u0022 height=\u0022100\u0022 alt=\u0022Texte d\u0026#039;intention de Jean-No\u00ebl Laszlo et sch\u00e9ma du dispositif\u0022 title=\u0022Jean-No\u00ebl Laszlo | trace de la performance \u0026quot;Le miroir \u00e9l\u00e9ctronique\u0026quot;, 1995 | Texte d\u0026#039;intention de Jean-No\u00ebl Laszlo et sch\u00e9ma du dispositif | \u00a9 Jean-No\u00ebl Laszlo - ADAGP, Paris 2012 | courtesy de l\u0026#039;artiste\u0022 \/\u003E\u003Cimg class=\u0022image grid_medium\u0022 src=\u0022\/sites\/default\/files\/styles\/grid_medium\/public\/images-documents\/LASZ1995_LEMI_LASZ_DOCI_02.jpg\u0022 width=\u0022218\u0022 height=\u0022300\u0022 alt=\u0022Texte d\u0026#039;intention de Jean-No\u00ebl Laszlo et sch\u00e9ma du dispositif\u0022 title=\u0022Jean-No\u00ebl Laszlo | trace de la performance \u0026quot;Le miroir \u00e9l\u00e9ctronique\u0026quot;, 1995 | Texte d\u0026#039;intention de Jean-No\u00ebl Laszlo et sch\u00e9ma du dispositif | \u00a9 Jean-No\u00ebl Laszlo - ADAGP, Paris 2012 | courtesy de l\u0026#039;artiste\u0022 \/\u003E\u003Cimg class=\u0022image grid_large\u0022 path=\u0022\/sites\/default\/files\/styles\/grid_large\/public\/images-documents\/LASZ1995_LEMI_LASZ_DOCI_02.jpg\u0022 src=\u0022http:\/\/dev.performance-art.fr\/\u0022 width=\u0022218\u0022 height=\u0022300\u0022 alt=\u0022Texte d\u0026#039;intention de Jean-No\u00ebl Laszlo et sch\u00e9ma du dispositif\u0022 title=\u0022Jean-No\u00ebl Laszlo | trace de la performance \u0026quot;Le miroir \u00e9l\u00e9ctronique\u0026quot;, 1995 | Texte d\u0026#039;intention de Jean-No\u00ebl Laszlo et sch\u00e9ma du dispositif | \u00a9 Jean-No\u00ebl Laszlo - ADAGP, Paris 2012 | courtesy de l\u0026#039;artiste\u0022 \/\u003E\u003Cimg class=\u0022blank\u0022 src=\u0022\/sites\/all\/themes\/gui\/perfarttimeline\/images\/blank.gif\u0022 width=\u0022218\u0022 height=\u0022300\u0022 alt=\u0022\u0022 title=\u0022\u0022 \/\u003E\u003Cfigcaption\u003EJean-No\u00ebl Laszlo | trace de la performance \u0022Le miroir \u00e9l\u00e9ctronique\u0022, 1995 | Texte d\u0027intention de Jean-No\u00ebl Laszlo et sch\u00e9ma du dispositif | \u00a9 Jean-No\u00ebl Laszlo - ADAGP, Paris 2012 | courtesy de l\u0027artiste\u003C\/figcaption\u003E\u003C\/figure\u003E  \n    \u003Csection class=\u0022field field-name-field-type field-type-list-text field-label-inline clearfix\u0022\u003E\n  \t\u003Cdiv class=\u0022field-label\u0022\u003EType\u0026nbsp;\u003C\/div\u003E\n  \t  \n\n              \u003Cdiv class=\u0022field-item even \u0022\u003EImprim\u00e9\u003C\/div\u003E\n        \n\n    \t  \u003C\/section\u003E\n  \n\n    \u003Csection class=\u0022field field-name-field-technique-description field-type-text-long field-label-above\u0022\u003E\n  \t\u003Cdiv class=\u0022field-label\u0022\u003ETechnique description r\u00e9f\u00e9rence\u0026nbsp;\u003C\/div\u003E\n  \t  \n\n              \u003Cdiv class=\u0022field-item even \u0022\u003ETexte d\u0026#039;intention de Jean-No\u00ebl Laszlo et sch\u00e9ma du dispositif, feuille A4 dactylographi\u00e9e\u003C\/div\u003E\n        \n\n    \t  \u003C\/section\u003E\n  \u003C\/article\u003E","nid":"240"}