{"node_view":"\u003Carticle class=\u0022node-document\u0022\u003E\n  \n    \u003Csection class=\u0022field field-name-field-type field-type-list-text field-label-inline clearfix\u0022\u003E\n  \t\u003Cdiv class=\u0022field-label\u0022\u003EType\u0026nbsp;\u003C\/div\u003E\n  \t  \n\n              \u003Cdiv class=\u0022field-item even \u0022\u003EPresse\u003C\/div\u003E\n        \n\n    \t  \u003C\/section\u003E\n  \n\n    \u003Csection class=\u0022field field-name-field-technique-description field-type-text-long field-label-above\u0022\u003E\n  \t\u003Cdiv class=\u0022field-label\u0022\u003ETechnique description r\u00e9f\u00e9rence\u0026nbsp;\u003C\/div\u003E\n  \t  \n\n              \u003Cdiv class=\u0022field-item even \u0022\u003E\u00ab ART D\u2019AZUR \u00bb Suppl\u00e9ment Hebdomadaire \u00ab Le petit ni\u00e7ois \u00bb30 Mai 2002\u2026 \u00ab LA NUIT DES GALERIES \u00bb (page couverture et derni\u00e8re) avec 3 grandes photos et 3 portraits + article. Version galeriste sans trop de pr\u00e9cisions sur \u0153uvres pr\u00e9sent\u00e9es\u003C\/div\u003E\n        \n\n    \t  \u003C\/section\u003E\n  \u003C\/article\u003E","nid":"884"}