{"node_view":"\u003Carticle class=\u0022node-document\u0022\u003E\n  \n    \u003Csection class=\u0022field field-name-field-type field-type-list-text field-label-inline clearfix\u0022\u003E\n  \t\u003Cdiv class=\u0022field-label\u0022\u003EType\u0026nbsp;\u003C\/div\u003E\n  \t  \n\n              \u003Cdiv class=\u0022field-item even \u0022\u003EImprim\u00e9\u003C\/div\u003E\n        \n\n    \t  \u003C\/section\u003E\n  \n\n    \u003Csection class=\u0022field field-name-field-technique-description field-type-text-long field-label-above\u0022\u003E\n  \t\u003Cdiv class=\u0022field-label\u0022\u003ETechnique description r\u00e9f\u00e9rence\u0026nbsp;\u003C\/div\u003E\n  \t  \n\n              \u003Cdiv class=\u0022field-item even \u0022\u003Ecarton d\u2019invitation, liste des cadeaux de mariage, \u0026lt;em\u0026gt;Ars longa vita brevis\u0026lt;\/em\u0026gt;, cahier publi\u00e9 par Philippe Tixier consacr\u00e9 \u00e0 Ren\u00e9-Gilles, plaquette \u0026lt;em\u0026gt;Ren\u00e9-Gilles\u0026lt;\/em\u0026gt; publi\u00e9e par les \u00e9ditions stART \u00e0 Nice \u00e0 l\u2019occasion de l\u2019installation \u0026lt;em\u0026gt;divina sibi canit et orbi\u0026lt;\/em\u0026gt; d\u2019Olivier Garcin chez \u0026lt;em\u0026gt;Ceci n\u2019est pas une galerie\u0026lt;\/em\u0026gt;\u003C\/div\u003E\n        \n\n    \t  \u003C\/section\u003E\n  \u003C\/article\u003E","nid":"405"}